{"id":219587,"global_id":"www.valenciaciudaddelrunning.com\/en\/?id=219587","global_id_lineage":["www.valenciaciudaddelrunning.com\/en\/?id=219587"],"author":"3","status":"publish","date":"2026-01-25 20:00:02","date_utc":"2026-01-25 19:00:02","modified":"2026-01-25 20:00:55","modified_utc":"2026-01-25 19:00:55","url":"https:\/\/www.valenciaciudaddelrunning.com\/en\/evento\/maraton-valencia-2026\/","rest_url":"https:\/\/www.valenciaciudaddelrunning.com\/en\/wp-json\/tribe\/events\/v1\/events\/219587","title":"Marat\u00f3n Valencia 2026","description":"","excerpt":"","slug":"maraton-valencia-2026","image":{"url":"https:\/\/www.valenciaciudaddelrunning.com\/wp-content\/uploads\/2026\/01\/42k-logo-2026_1-scaled.png","id":219582,"extension":"png","width":2049,"height":743,"filesize":85849,"sizes":{"medium":{"width":300,"height":109,"mime-type":"image\/png","filesize":10102,"url":"https:\/\/www.valenciaciudaddelrunning.com\/wp-content\/uploads\/2026\/01\/42k-logo-2026_1-300x109.png"},"large":{"width":1024,"height":371,"mime-type":"image\/png","filesize":39966,"url":"https:\/\/www.valenciaciudaddelrunning.com\/wp-content\/uploads\/2026\/01\/42k-logo-2026_1-1024x371.png"},"thumbnail":{"width":150,"height":150,"mime-type":"image\/png","filesize":6779,"url":"https:\/\/www.valenciaciudaddelrunning.com\/wp-content\/uploads\/2026\/01\/42k-logo-2026_1-150x150.png"},"medium_large":{"width":768,"height":278,"mime-type":"image\/png","filesize":29779,"url":"https:\/\/www.valenciaciudaddelrunning.com\/wp-content\/uploads\/2026\/01\/42k-logo-2026_1-768x278.png"},"1536x1536":{"width":1536,"height":557,"mime-type":"image\/png","filesize":63988,"url":"https:\/\/www.valenciaciudaddelrunning.com\/wp-content\/uploads\/2026\/01\/42k-logo-2026_1-1536x557.png"},"2048x2048":{"width":2048,"height":743,"mime-type":"image\/png","filesize":85677,"url":"https:\/\/www.valenciaciudaddelrunning.com\/wp-content\/uploads\/2026\/01\/42k-logo-2026_1-2048x743.png"},"twentyseventeen-featured-image":{"width":2000,"height":768,"mime-type":"image\/png","filesize":54493,"url":"https:\/\/www.valenciaciudaddelrunning.com\/wp-content\/uploads\/2026\/01\/42k-logo-2026_1-2000x768.png"},"twentyseventeen-thumbnail-avatar":{"width":100,"height":100,"mime-type":"image\/png","filesize":4136,"url":"https:\/\/www.valenciaciudaddelrunning.com\/wp-content\/uploads\/2026\/01\/42k-logo-2026_1-100x100.png"}},"original_image":"42k-logo-2026_1.png"},"all_day":false,"start_date":"2026-12-06 08:15:00","start_date_details":{"year":"2026","month":"12","day":"06","hour":"08","minutes":"15","seconds":"00"},"end_date":"2026-12-06 15:30:00","end_date_details":{"year":"2026","month":"12","day":"06","hour":"15","minutes":"30","seconds":"00"},"utc_start_date":"2026-12-06 07:15:00","utc_start_date_details":{"year":"2026","month":"12","day":"06","hour":"07","minutes":"15","seconds":"00"},"utc_end_date":"2026-12-06 14:30:00","utc_end_date_details":{"year":"2026","month":"12","day":"06","hour":"14","minutes":"30","seconds":"00"},"timezone":"Europe\/Madrid","timezone_abbr":"CET","cost":"","cost_details":{"currency_symbol":"\u20ac","currency_code":"USD","currency_position":"prefix","values":[]},"website":"https:\/\/www.valenciaciudaddelrunning.com\/maraton\/maraton\/","show_map":true,"show_map_link":true,"hide_from_listings":false,"sticky":false,"featured":false,"categories":[{"name":"21K-42K","slug":"21k-42k-en","term_group":0,"term_taxonomy_id":7777,"taxonomy":"tribe_events_cat","description":"","parent":0,"count":6,"filter":"raw","id":7777,"urls":{"self":"https:\/\/www.valenciaciudaddelrunning.com\/en\/wp-json\/tribe\/events\/v1\/categories\/7777","collection":"https:\/\/www.valenciaciudaddelrunning.com\/en\/wp-json\/tribe\/events\/v1\/categories"}}],"tags":[{"name":"Carrera","slug":"carrera-en","term_group":0,"term_taxonomy_id":7771,"taxonomy":"post_tag","description":"","parent":0,"count":25,"filter":"raw","id":7771,"urls":{"self":"https:\/\/www.valenciaciudaddelrunning.com\/en\/wp-json\/tribe\/events\/v1\/tags\/7771","collection":"https:\/\/www.valenciaciudaddelrunning.com\/en\/wp-json\/tribe\/events\/v1\/tags"}},{"name":"carreras","slug":"carreras-en","term_group":0,"term_taxonomy_id":7789,"taxonomy":"post_tag","description":"","parent":0,"count":14,"filter":"raw","id":7789,"urls":{"self":"https:\/\/www.valenciaciudaddelrunning.com\/en\/wp-json\/tribe\/events\/v1\/tags\/7789","collection":"https:\/\/www.valenciaciudaddelrunning.com\/en\/wp-json\/tribe\/events\/v1\/tags"}}],"venue":{"id":166138,"author":"6","status":"publish","date":"2024-07-22 19:59:57","date_utc":"2024-07-22 17:59:57","modified":"2024-07-22 19:59:57","modified_utc":"2024-07-22 17:59:57","url":"https:\/\/www.valenciaciudaddelrunning.com\/lugar\/placa-de-la-marato\/","venue":"Pla\u00e7a de la Marat\u00f3","slug":"placa-de-la-marato","address":"Pla\u00e7a de la Marat\u00f3","city":"Val\u00e8ncia","country":"Spain","province":"Valencia","state":"Comunidad Valenciana","zip":"46013","stateprovince":"Valencia","geo_lat":39.4566441,"geo_lng":-0.3558326,"json_ld":{"@type":"Place","name":"Pla\u00e7a de la Marat\u00f3","description":"","url":"https:\/\/www.valenciaciudaddelrunning.com\/lugar\/placa-de-la-marato\/","address":{"@type":"PostalAddress","streetAddress":"Pla\u00e7a de la Marat\u00f3","addressLocality":"Val\u00e8ncia","addressRegion":"Valencia","postalCode":"46013","addressCountry":"Spain"},"geo":{"@type":"GeoCoordinates","latitude":39.4566441,"longitude":-0.3558326},"telephone":"","sameAs":""},"show_map":false,"show_map_link":false,"global_id":"www.valenciaciudaddelrunning.com\/en\/?id=166138","global_id_lineage":["www.valenciaciudaddelrunning.com\/en\/?id=166138"]},"organizer":[{"id":165994,"author":"6","status":"publish","date":"2024-07-22 18:19:25","date_utc":"2024-07-22 16:19:25","modified":"2024-07-22 18:19:25","modified_utc":"2024-07-22 16:19:25","url":"https:\/\/www.valenciaciudaddelrunning.com\/organizador\/sd-correcaminos\/","organizer":"SD Correcaminos","slug":"sd-correcaminos","json_ld":{"@type":"Person","name":"SD Correcaminos","description":"","url":"","telephone":"","email":"","sameAs":""},"global_id":"www.valenciaciudaddelrunning.com\/en\/?id=165994","global_id_lineage":["www.valenciaciudaddelrunning.com\/en\/?id=165994"]}],"custom_fields":{"_ecp_custom_2":{"label":"Club VCRunning","value":"S\u00ed"},"_ecp_custom_3":{"label":"Inscripci\u00f3n","value":"https:\/\/www.valenciaciudaddelrunning.com\/maraton\/info-inscripciones-2026\/"},"_ecp_custom_4":{"label":"Distancia","value":"42.195 metros (homologados)"}},"json_ld":{"@context":"http:\/\/schema.org","@type":"Event","name":"Marat\u00f3n Valencia 2026","description":"","image":"https:\/\/www.valenciaciudaddelrunning.com\/wp-content\/uploads\/2026\/01\/42k-logo-2026_1-scaled.png","url":"https:\/\/www.valenciaciudaddelrunning.com\/en\/evento\/maraton-valencia-2026\/","eventAttendanceMode":"https:\/\/schema.org\/OfflineEventAttendanceMode","eventStatus":"https:\/\/schema.org\/EventScheduled","startDate":"2026-12-06T08:15:00+01:00","endDate":"2026-12-06T15:30:00+01:00","location":{"@type":"Place","name":"Pla\u00e7a de la Marat\u00f3","description":"","url":"https:\/\/www.valenciaciudaddelrunning.com\/lugar\/placa-de-la-marato\/","address":{"@type":"PostalAddress","streetAddress":"Pla\u00e7a de la Marat\u00f3","addressLocality":"Val\u00e8ncia","addressRegion":"Valencia","postalCode":"46013","addressCountry":"Spain"},"geo":{"@type":"GeoCoordinates","latitude":39.4566441,"longitude":-0.3558326},"telephone":"","sameAs":""},"organizer":{"@type":"Person","name":"SD Correcaminos","description":"","url":"","telephone":"","email":"","sameAs":""},"performer":"Organization"},"is_virtual":false,"virtual_url":null,"virtual_video_source":""}